{"id":113,"date":"2024-10-31T16:43:32","date_gmt":"2024-10-31T16:43:32","guid":{"rendered":"https:\/\/museopresidentes.org.mx\/noticias\/?p=113"},"modified":"2024-12-21T16:48:12","modified_gmt":"2024-12-21T16:48:12","slug":"altar-de-muertos-2","status":"publish","type":"post","link":"https:\/\/museopresidentes.org.mx\/noticias\/noticias\/altar-de-muertos-2\/","title":{"rendered":"Altar de Muertos"},"content":{"rendered":"\n<p>Como cada a\u00f1o, presentamos nuestro ya tradicional Altar de Muertos <img loading=\"lazy\" decoding=\"async\" height=\"16\" width=\"16\" alt=\"\ud83d\udc80\" src=\"https:\/\/static.xx.fbcdn.net\/images\/emoji.php\/v9\/te3\/2\/16\/1f480.png\"><\/p>\n\n\n\n<p>En esta ocasi\u00f3n, honramos a los cinco Coahuilenses que han sido Presidentes de M\u00e9xico, adem\u00e1s de que, en el marco del bicentenario de Coahuila recordamos a Don Miguel Ramos Arizpe y a Ignacio Zaragoza, as\u00ed como al primer Presidente de M\u00e9xico, Guadalupe Victoria <img loading=\"lazy\" decoding=\"async\" height=\"16\" width=\"16\" alt=\"\ud83d\udc68\ud83c\udffb\u200d\ud83d\udcbc\" src=\"https:\/\/static.xx.fbcdn.net\/images\/emoji.php\/v9\/t0\/2\/16\/1f468_1f3fb_200d_1f4bc.png\"><img loading=\"lazy\" decoding=\"async\" height=\"16\" width=\"16\" alt=\"\ud83c\uddf2\ud83c\uddfd\" src=\"https:\/\/static.xx.fbcdn.net\/images\/emoji.php\/v9\/taf\/2\/16\/1f1f2_1f1fd.png\"><\/p>\n\n\n\n<p>De manera muy especial recordamos al Licenciado Armando Guerra Guerra, promotor de la cultura en Coahuila e impulsor de la creaci\u00f3n de <a><\/a>nuestro Museo <img loading=\"lazy\" decoding=\"async\" height=\"16\" width=\"16\" alt=\"\u271d\ufe0f\" src=\"https:\/\/static.xx.fbcdn.net\/images\/emoji.php\/v9\/t2\/2\/16\/271d.png\">.<\/p>\n\n\n\n<p>Agradecemos a todos los asistentes su grata presencia e invitamos a toda la comunidad a que nos visiten, conozcan el Altar de Muertos que exhibimos y conozcan la historia de Coahuila y de M\u00e9xico <img loading=\"lazy\" decoding=\"async\" height=\"16\" width=\"16\" alt=\"\ud83c\udfdb\ufe0f\" src=\"https:\/\/static.xx.fbcdn.net\/images\/emoji.php\/v9\/t28\/2\/16\/1f3db.png\">.<\/p>\n\n\n\n<p>\u00a1Bienvenidos siempre!<\/p>\n\n\n\n<figure class=\"wp-block-gallery has-nested-images columns-default is-cropped wp-block-gallery-1 is-layout-flex wp-block-gallery-is-layout-flex\">\n<figure class=\"wp-block-image size-large\"><img loading=\"lazy\" decoding=\"async\" width=\"683\" height=\"1024\" data-id=\"114\" src=\"https:\/\/museopresidentes.org.mx\/noticias\/wp-content\/uploads\/2024\/12\/465064144_1007627244501308_7809235625598373744_n-683x1024.jpg\" alt=\"\" class=\"wp-image-114\" srcset=\"https:\/\/museopresidentes.org.mx\/noticias\/wp-content\/uploads\/2024\/12\/465064144_1007627244501308_7809235625598373744_n-683x1024.jpg 683w, https:\/\/museopresidentes.org.mx\/noticias\/wp-content\/uploads\/2024\/12\/465064144_1007627244501308_7809235625598373744_n-200x300.jpg 200w, https:\/\/museopresidentes.org.mx\/noticias\/wp-content\/uploads\/2024\/12\/465064144_1007627244501308_7809235625598373744_n-768x1152.jpg 768w, https:\/\/museopresidentes.org.mx\/noticias\/wp-content\/uploads\/2024\/12\/465064144_1007627244501308_7809235625598373744_n.jpg 960w\" sizes=\"auto, (max-width: 683px) 100vw, 683px\" \/><\/figure>\n\n\n\n<figure class=\"wp-block-image size-large\"><img loading=\"lazy\" decoding=\"async\" width=\"1024\" height=\"683\" data-id=\"117\" src=\"https:\/\/museopresidentes.org.mx\/noticias\/wp-content\/uploads\/2024\/12\/465070162_1007627267834639_8462432573246287543_n-1-1024x683.jpg\" alt=\"\" class=\"wp-image-117\" srcset=\"https:\/\/museopresidentes.org.mx\/noticias\/wp-content\/uploads\/2024\/12\/465070162_1007627267834639_8462432573246287543_n-1-1024x683.jpg 1024w, https:\/\/museopresidentes.org.mx\/noticias\/wp-content\/uploads\/2024\/12\/465070162_1007627267834639_8462432573246287543_n-1-300x200.jpg 300w, https:\/\/museopresidentes.org.mx\/noticias\/wp-content\/uploads\/2024\/12\/465070162_1007627267834639_8462432573246287543_n-1-768x512.jpg 768w, https:\/\/museopresidentes.org.mx\/noticias\/wp-content\/uploads\/2024\/12\/465070162_1007627267834639_8462432573246287543_n-1.jpg 1440w\" sizes=\"auto, (max-width: 1024px) 100vw, 1024px\" \/><\/figure>\n\n\n\n<figure class=\"wp-block-image size-large\"><img loading=\"lazy\" decoding=\"async\" width=\"1024\" height=\"683\" data-id=\"118\" src=\"https:\/\/museopresidentes.org.mx\/noticias\/wp-content\/uploads\/2024\/12\/465131913_1007627241167975_2307209918004015450_n-1024x683.jpg\" alt=\"\" class=\"wp-image-118\" srcset=\"https:\/\/museopresidentes.org.mx\/noticias\/wp-content\/uploads\/2024\/12\/465131913_1007627241167975_2307209918004015450_n-1024x683.jpg 1024w, https:\/\/museopresidentes.org.mx\/noticias\/wp-content\/uploads\/2024\/12\/465131913_1007627241167975_2307209918004015450_n-300x200.jpg 300w, https:\/\/museopresidentes.org.mx\/noticias\/wp-content\/uploads\/2024\/12\/465131913_1007627241167975_2307209918004015450_n-768x512.jpg 768w, https:\/\/museopresidentes.org.mx\/noticias\/wp-content\/uploads\/2024\/12\/465131913_1007627241167975_2307209918004015450_n.jpg 1440w\" sizes=\"auto, (max-width: 1024px) 100vw, 1024px\" \/><\/figure>\n\n\n\n<figure class=\"wp-block-image size-large\"><img loading=\"lazy\" decoding=\"async\" width=\"1024\" height=\"683\" data-id=\"115\" src=\"https:\/\/museopresidentes.org.mx\/noticias\/wp-content\/uploads\/2024\/12\/465158730_1007627254501307_8959838945498458967_n-1-1024x683.jpg\" alt=\"\" class=\"wp-image-115\" srcset=\"https:\/\/museopresidentes.org.mx\/noticias\/wp-content\/uploads\/2024\/12\/465158730_1007627254501307_8959838945498458967_n-1-1024x683.jpg 1024w, https:\/\/museopresidentes.org.mx\/noticias\/wp-content\/uploads\/2024\/12\/465158730_1007627254501307_8959838945498458967_n-1-300x200.jpg 300w, https:\/\/museopresidentes.org.mx\/noticias\/wp-content\/uploads\/2024\/12\/465158730_1007627254501307_8959838945498458967_n-1-768x512.jpg 768w, https:\/\/museopresidentes.org.mx\/noticias\/wp-content\/uploads\/2024\/12\/465158730_1007627254501307_8959838945498458967_n-1.jpg 1440w\" sizes=\"auto, (max-width: 1024px) 100vw, 1024px\" \/><\/figure>\n<\/figure>\n","protected":false},"excerpt":{"rendered":"<p>Como cada a\u00f1o, presentamos nuestro ya tradicional Altar de Muertos En esta ocasi\u00f3n, honramos a los cinco Coahuilenses que han sido Presidentes de M\u00e9xico, adem\u00e1s de que, en el marco del bicentenario de Coahuila recordamos a Don Miguel Ramos Arizpe y a Ignacio Zaragoza, as\u00ed como al primer Presidente de M\u00e9xico, Guadalupe Victoria De manera [&hellip;]<\/p>\n","protected":false},"author":1,"featured_media":117,"comment_status":"closed","ping_status":"","sticky":false,"template":"","format":"standard","meta":{"footnotes":""},"categories":[5],"tags":[],"class_list":["post-113","post","type-post","status-publish","format-standard","has-post-thumbnail","hentry","category-noticias"],"_links":{"self":[{"href":"https:\/\/museopresidentes.org.mx\/noticias\/wp-json\/wp\/v2\/posts\/113","targetHints":{"allow":["GET"]}}],"collection":[{"href":"https:\/\/museopresidentes.org.mx\/noticias\/wp-json\/wp\/v2\/posts"}],"about":[{"href":"https:\/\/museopresidentes.org.mx\/noticias\/wp-json\/wp\/v2\/types\/post"}],"author":[{"embeddable":true,"href":"https:\/\/museopresidentes.org.mx\/noticias\/wp-json\/wp\/v2\/users\/1"}],"replies":[{"embeddable":true,"href":"https:\/\/museopresidentes.org.mx\/noticias\/wp-json\/wp\/v2\/comments?post=113"}],"version-history":[{"count":1,"href":"https:\/\/museopresidentes.org.mx\/noticias\/wp-json\/wp\/v2\/posts\/113\/revisions"}],"predecessor-version":[{"id":119,"href":"https:\/\/museopresidentes.org.mx\/noticias\/wp-json\/wp\/v2\/posts\/113\/revisions\/119"}],"wp:featuredmedia":[{"embeddable":true,"href":"https:\/\/museopresidentes.org.mx\/noticias\/wp-json\/wp\/v2\/media\/117"}],"wp:attachment":[{"href":"https:\/\/museopresidentes.org.mx\/noticias\/wp-json\/wp\/v2\/media?parent=113"}],"wp:term":[{"taxonomy":"category","embeddable":true,"href":"https:\/\/museopresidentes.org.mx\/noticias\/wp-json\/wp\/v2\/categories?post=113"},{"taxonomy":"post_tag","embeddable":true,"href":"https:\/\/museopresidentes.org.mx\/noticias\/wp-json\/wp\/v2\/tags?post=113"}],"curies":[{"name":"wp","href":"https:\/\/api.w.org\/{rel}","templated":true}]}}