{"id":19,"date":"2024-01-15T00:33:57","date_gmt":"2024-01-15T00:33:57","guid":{"rendered":"https:\/\/museopresidentes.org.mx\/noticias\/?p=19"},"modified":"2024-03-18T01:57:23","modified_gmt":"2024-03-18T01:57:23","slug":"iniciativa","status":"publish","type":"post","link":"https:\/\/museopresidentes.org.mx\/noticias\/bicentenario\/iniciativa\/","title":{"rendered":"Iniciativa"},"content":{"rendered":"\n<p>El d\u00eda de hoy el Patronato del Museo de los Presidentes present\u00f3 al Congreso iniciativa para que el a\u00f1o 2024 se declare: \u201c2024, Bicentenario de Coahuila; 200 a\u00f1os de grandeza\u201d Agradecemos a la Dip. Luz Elena Mart\u00ednez sus atenciones \u00a1<a href=\"https:\/\/twitter.com\/hashtag\/Coahuila?src=hashtag_click\">#Coahuila<\/a> pa\u2019delante, a pasos de gigante!<\/p>\n\n\n\n<figure class=\"wp-block-gallery has-nested-images columns-default is-cropped wp-block-gallery-1 is-layout-flex wp-block-gallery-is-layout-flex\">\n<figure class=\"wp-block-image size-large\"><a href=\"https:\/\/museopresidentes.org.mx\/noticias\/wp-content\/uploads\/2024\/03\/GEPsj1oWsAA-es3.jpeg\"><img loading=\"lazy\" decoding=\"async\" width=\"1024\" height=\"683\" data-id=\"23\" src=\"https:\/\/museopresidentes.org.mx\/noticias\/wp-content\/uploads\/2024\/03\/GEPsj1oWsAA-es3-1024x683.jpeg\" alt=\"\" class=\"wp-image-23\" srcset=\"https:\/\/museopresidentes.org.mx\/noticias\/wp-content\/uploads\/2024\/03\/GEPsj1oWsAA-es3-1024x683.jpeg 1024w, https:\/\/museopresidentes.org.mx\/noticias\/wp-content\/uploads\/2024\/03\/GEPsj1oWsAA-es3-300x200.jpeg 300w, https:\/\/museopresidentes.org.mx\/noticias\/wp-content\/uploads\/2024\/03\/GEPsj1oWsAA-es3-768x512.jpeg 768w, https:\/\/museopresidentes.org.mx\/noticias\/wp-content\/uploads\/2024\/03\/GEPsj1oWsAA-es3-1536x1025.jpeg 1536w, https:\/\/museopresidentes.org.mx\/noticias\/wp-content\/uploads\/2024\/03\/GEPsj1oWsAA-es3.jpeg 2048w\" sizes=\"auto, (max-width: 1024px) 100vw, 1024px\" \/><\/a><\/figure>\n\n\n\n<figure class=\"wp-block-image size-large\"><a href=\"https:\/\/museopresidentes.org.mx\/noticias\/wp-content\/uploads\/2024\/03\/GEPsj1sW8AAWe5V.jpeg\"><img loading=\"lazy\" decoding=\"async\" width=\"1024\" height=\"683\" data-id=\"21\" src=\"https:\/\/museopresidentes.org.mx\/noticias\/wp-content\/uploads\/2024\/03\/GEPsj1sW8AAWe5V-1024x683.jpeg\" alt=\"\" class=\"wp-image-21\" srcset=\"https:\/\/museopresidentes.org.mx\/noticias\/wp-content\/uploads\/2024\/03\/GEPsj1sW8AAWe5V-1024x683.jpeg 1024w, https:\/\/museopresidentes.org.mx\/noticias\/wp-content\/uploads\/2024\/03\/GEPsj1sW8AAWe5V-300x200.jpeg 300w, https:\/\/museopresidentes.org.mx\/noticias\/wp-content\/uploads\/2024\/03\/GEPsj1sW8AAWe5V-768x512.jpeg 768w, https:\/\/museopresidentes.org.mx\/noticias\/wp-content\/uploads\/2024\/03\/GEPsj1sW8AAWe5V-1536x1025.jpeg 1536w, https:\/\/museopresidentes.org.mx\/noticias\/wp-content\/uploads\/2024\/03\/GEPsj1sW8AAWe5V.jpeg 2048w\" sizes=\"auto, (max-width: 1024px) 100vw, 1024px\" \/><\/a><\/figure>\n\n\n\n<figure class=\"wp-block-image size-large\"><a href=\"https:\/\/museopresidentes.org.mx\/noticias\/wp-content\/uploads\/2024\/03\/GEPsj1vXAAA-1XX.jpeg\"><img loading=\"lazy\" decoding=\"async\" width=\"1024\" height=\"683\" data-id=\"20\" src=\"https:\/\/museopresidentes.org.mx\/noticias\/wp-content\/uploads\/2024\/03\/GEPsj1vXAAA-1XX-1024x683.jpeg\" alt=\"\" class=\"wp-image-20\" srcset=\"https:\/\/museopresidentes.org.mx\/noticias\/wp-content\/uploads\/2024\/03\/GEPsj1vXAAA-1XX-1024x683.jpeg 1024w, https:\/\/museopresidentes.org.mx\/noticias\/wp-content\/uploads\/2024\/03\/GEPsj1vXAAA-1XX-300x200.jpeg 300w, https:\/\/museopresidentes.org.mx\/noticias\/wp-content\/uploads\/2024\/03\/GEPsj1vXAAA-1XX-768x512.jpeg 768w, https:\/\/museopresidentes.org.mx\/noticias\/wp-content\/uploads\/2024\/03\/GEPsj1vXAAA-1XX-1536x1025.jpeg 1536w, https:\/\/museopresidentes.org.mx\/noticias\/wp-content\/uploads\/2024\/03\/GEPsj1vXAAA-1XX.jpeg 2048w\" sizes=\"auto, (max-width: 1024px) 100vw, 1024px\" \/><\/a><\/figure>\n\n\n\n<figure class=\"wp-block-image size-large\"><a href=\"https:\/\/museopresidentes.org.mx\/noticias\/wp-content\/uploads\/2024\/03\/GEPsj1wXsAA9D15.jpeg\"><img loading=\"lazy\" decoding=\"async\" width=\"1024\" height=\"683\" data-id=\"22\" src=\"https:\/\/museopresidentes.org.mx\/noticias\/wp-content\/uploads\/2024\/03\/GEPsj1wXsAA9D15-1024x683.jpeg\" alt=\"\" class=\"wp-image-22\" srcset=\"https:\/\/museopresidentes.org.mx\/noticias\/wp-content\/uploads\/2024\/03\/GEPsj1wXsAA9D15-1024x683.jpeg 1024w, https:\/\/museopresidentes.org.mx\/noticias\/wp-content\/uploads\/2024\/03\/GEPsj1wXsAA9D15-300x200.jpeg 300w, https:\/\/museopresidentes.org.mx\/noticias\/wp-content\/uploads\/2024\/03\/GEPsj1wXsAA9D15-768x512.jpeg 768w, https:\/\/museopresidentes.org.mx\/noticias\/wp-content\/uploads\/2024\/03\/GEPsj1wXsAA9D15-1536x1025.jpeg 1536w, https:\/\/museopresidentes.org.mx\/noticias\/wp-content\/uploads\/2024\/03\/GEPsj1wXsAA9D15.jpeg 2048w\" sizes=\"auto, (max-width: 1024px) 100vw, 1024px\" \/><\/a><\/figure>\n<\/figure>\n","protected":false},"excerpt":{"rendered":"<p>El d\u00eda de hoy el Patronato del Museo de los Presidentes present\u00f3 al Congreso iniciativa para que el a\u00f1o 2024 se declare: \u201c2024, Bicentenario de Coahuila; 200 a\u00f1os de grandeza\u201d Agradecemos a la Dip. Luz Elena Mart\u00ednez sus atenciones \u00a1#Coahuila pa\u2019delante, a pasos de gigante!<\/p>\n","protected":false},"author":1,"featured_media":23,"comment_status":"closed","ping_status":"","sticky":false,"template":"","format":"standard","meta":{"footnotes":""},"categories":[4],"tags":[],"class_list":["post-19","post","type-post","status-publish","format-standard","has-post-thumbnail","hentry","category-bicentenario"],"_links":{"self":[{"href":"https:\/\/museopresidentes.org.mx\/noticias\/wp-json\/wp\/v2\/posts\/19","targetHints":{"allow":["GET"]}}],"collection":[{"href":"https:\/\/museopresidentes.org.mx\/noticias\/wp-json\/wp\/v2\/posts"}],"about":[{"href":"https:\/\/museopresidentes.org.mx\/noticias\/wp-json\/wp\/v2\/types\/post"}],"author":[{"embeddable":true,"href":"https:\/\/museopresidentes.org.mx\/noticias\/wp-json\/wp\/v2\/users\/1"}],"replies":[{"embeddable":true,"href":"https:\/\/museopresidentes.org.mx\/noticias\/wp-json\/wp\/v2\/comments?post=19"}],"version-history":[{"count":2,"href":"https:\/\/museopresidentes.org.mx\/noticias\/wp-json\/wp\/v2\/posts\/19\/revisions"}],"predecessor-version":[{"id":76,"href":"https:\/\/museopresidentes.org.mx\/noticias\/wp-json\/wp\/v2\/posts\/19\/revisions\/76"}],"wp:featuredmedia":[{"embeddable":true,"href":"https:\/\/museopresidentes.org.mx\/noticias\/wp-json\/wp\/v2\/media\/23"}],"wp:attachment":[{"href":"https:\/\/museopresidentes.org.mx\/noticias\/wp-json\/wp\/v2\/media?parent=19"}],"wp:term":[{"taxonomy":"category","embeddable":true,"href":"https:\/\/museopresidentes.org.mx\/noticias\/wp-json\/wp\/v2\/categories?post=19"},{"taxonomy":"post_tag","embeddable":true,"href":"https:\/\/museopresidentes.org.mx\/noticias\/wp-json\/wp\/v2\/tags?post=19"}],"curies":[{"name":"wp","href":"https:\/\/api.w.org\/{rel}","templated":true}]}}