{"id":311,"date":"2025-06-15T19:40:18","date_gmt":"2025-06-15T19:40:18","guid":{"rendered":"https:\/\/museopresidentes.org.mx\/noticias\/?p=311"},"modified":"2025-06-20T19:42:00","modified_gmt":"2025-06-20T19:42:00","slug":"dia-del-padre","status":"publish","type":"post","link":"https:\/\/museopresidentes.org.mx\/noticias\/noticias\/dia-del-padre\/","title":{"rendered":"D\u00eda del padre"},"content":{"rendered":"\n<p>Hoy celebramos a quienes con su ejemplo, amor y dedicaci\u00f3n han marcado nuestras vidas: los padres. Ser pap\u00e1 es mucho m\u00e1s que un rol; es una entrega diaria que se manifiesta en cada consejo, en cada gesto de apoyo y en el compromiso incondicional de estar presentes. Este d\u00eda es un homenaje a su fuerza silenciosa, a su capacidad de ense\u00f1ar con acciones y a su coraz\u00f3n que siempre busca lo mejor para su familia.<\/p>\n\n\n\n<p>En este D\u00eda del Padre, recordamos que no hay mayor legado que el amor que se siembra en casa. A todos los pap\u00e1s\u2014biol\u00f3gicos, adoptivos, abuelos, t\u00edos o figuras paternas que han llenado ese lugar con cari\u00f1o y responsabilidad\u2014\u00a1gracias por ser gu\u00eda, refugio y fuente de inspiraci\u00f3n! Hoy los celebramos con admiraci\u00f3n y gratitud. \u2764\ufe0f<\/p>\n\n\n\n<figure class=\"wp-block-gallery has-nested-images columns-default is-cropped wp-block-gallery-1 is-layout-flex wp-block-gallery-is-layout-flex\">\n<figure class=\"wp-block-image size-large\"><img loading=\"lazy\" decoding=\"async\" width=\"1024\" height=\"1024\" data-id=\"312\" src=\"https:\/\/museopresidentes.org.mx\/noticias\/wp-content\/uploads\/2025\/06\/508114910_1167853255145372_2771987466133663898_n-1024x1024.jpg\" alt=\"\" class=\"wp-image-312\" srcset=\"https:\/\/museopresidentes.org.mx\/noticias\/wp-content\/uploads\/2025\/06\/508114910_1167853255145372_2771987466133663898_n-1024x1024.jpg 1024w, https:\/\/museopresidentes.org.mx\/noticias\/wp-content\/uploads\/2025\/06\/508114910_1167853255145372_2771987466133663898_n-300x300.jpg 300w, https:\/\/museopresidentes.org.mx\/noticias\/wp-content\/uploads\/2025\/06\/508114910_1167853255145372_2771987466133663898_n-150x150.jpg 150w, https:\/\/museopresidentes.org.mx\/noticias\/wp-content\/uploads\/2025\/06\/508114910_1167853255145372_2771987466133663898_n-768x768.jpg 768w, https:\/\/museopresidentes.org.mx\/noticias\/wp-content\/uploads\/2025\/06\/508114910_1167853255145372_2771987466133663898_n.jpg 1440w\" sizes=\"auto, (max-width: 1024px) 100vw, 1024px\" \/><\/figure>\n\n\n\n<figure class=\"wp-block-image size-large\"><img loading=\"lazy\" decoding=\"async\" width=\"1024\" height=\"1024\" data-id=\"313\" src=\"https:\/\/museopresidentes.org.mx\/noticias\/wp-content\/uploads\/2025\/06\/508150658_1167644205166277_8558994006409351748_n-1024x1024.jpg\" alt=\"\" class=\"wp-image-313\" srcset=\"https:\/\/museopresidentes.org.mx\/noticias\/wp-content\/uploads\/2025\/06\/508150658_1167644205166277_8558994006409351748_n-1024x1024.jpg 1024w, https:\/\/museopresidentes.org.mx\/noticias\/wp-content\/uploads\/2025\/06\/508150658_1167644205166277_8558994006409351748_n-300x300.jpg 300w, https:\/\/museopresidentes.org.mx\/noticias\/wp-content\/uploads\/2025\/06\/508150658_1167644205166277_8558994006409351748_n-150x150.jpg 150w, https:\/\/museopresidentes.org.mx\/noticias\/wp-content\/uploads\/2025\/06\/508150658_1167644205166277_8558994006409351748_n-768x768.jpg 768w, https:\/\/museopresidentes.org.mx\/noticias\/wp-content\/uploads\/2025\/06\/508150658_1167644205166277_8558994006409351748_n.jpg 1440w\" sizes=\"auto, (max-width: 1024px) 100vw, 1024px\" \/><\/figure>\n\n\n\n<figure class=\"wp-block-image size-large\"><img loading=\"lazy\" decoding=\"async\" width=\"1024\" height=\"1024\" data-id=\"314\" src=\"https:\/\/museopresidentes.org.mx\/noticias\/wp-content\/uploads\/2025\/06\/507849758_1167751595155538_3299455765598627068_n-1024x1024.jpg\" alt=\"\" class=\"wp-image-314\" srcset=\"https:\/\/museopresidentes.org.mx\/noticias\/wp-content\/uploads\/2025\/06\/507849758_1167751595155538_3299455765598627068_n-1024x1024.jpg 1024w, https:\/\/museopresidentes.org.mx\/noticias\/wp-content\/uploads\/2025\/06\/507849758_1167751595155538_3299455765598627068_n-300x300.jpg 300w, https:\/\/museopresidentes.org.mx\/noticias\/wp-content\/uploads\/2025\/06\/507849758_1167751595155538_3299455765598627068_n-150x150.jpg 150w, https:\/\/museopresidentes.org.mx\/noticias\/wp-content\/uploads\/2025\/06\/507849758_1167751595155538_3299455765598627068_n-768x768.jpg 768w, https:\/\/museopresidentes.org.mx\/noticias\/wp-content\/uploads\/2025\/06\/507849758_1167751595155538_3299455765598627068_n.jpg 1440w\" sizes=\"auto, (max-width: 1024px) 100vw, 1024px\" \/><\/figure>\n\n\n\n<figure class=\"wp-block-image size-large\"><img loading=\"lazy\" decoding=\"async\" width=\"1024\" height=\"1024\" data-id=\"315\" src=\"https:\/\/museopresidentes.org.mx\/noticias\/wp-content\/uploads\/2025\/06\/508276471_1167842925146405_7605105664569242212_n-1024x1024.jpg\" alt=\"\" class=\"wp-image-315\" srcset=\"https:\/\/museopresidentes.org.mx\/noticias\/wp-content\/uploads\/2025\/06\/508276471_1167842925146405_7605105664569242212_n-1024x1024.jpg 1024w, https:\/\/museopresidentes.org.mx\/noticias\/wp-content\/uploads\/2025\/06\/508276471_1167842925146405_7605105664569242212_n-300x300.jpg 300w, https:\/\/museopresidentes.org.mx\/noticias\/wp-content\/uploads\/2025\/06\/508276471_1167842925146405_7605105664569242212_n-150x150.jpg 150w, https:\/\/museopresidentes.org.mx\/noticias\/wp-content\/uploads\/2025\/06\/508276471_1167842925146405_7605105664569242212_n-768x768.jpg 768w, https:\/\/museopresidentes.org.mx\/noticias\/wp-content\/uploads\/2025\/06\/508276471_1167842925146405_7605105664569242212_n.jpg 1440w\" sizes=\"auto, (max-width: 1024px) 100vw, 1024px\" \/><\/figure>\n<\/figure>\n","protected":false},"excerpt":{"rendered":"<p>Hoy celebramos a quienes con su ejemplo, amor y dedicaci\u00f3n han marcado nuestras vidas: los padres. Ser pap\u00e1 es mucho m\u00e1s que un rol; es una entrega diaria que se manifiesta en cada consejo, en cada gesto de apoyo y en el compromiso incondicional de estar presentes. Este d\u00eda es un homenaje a su fuerza [&hellip;]<\/p>\n","protected":false},"author":1,"featured_media":312,"comment_status":"closed","ping_status":"","sticky":false,"template":"","format":"standard","meta":{"footnotes":""},"categories":[5],"tags":[],"class_list":["post-311","post","type-post","status-publish","format-standard","has-post-thumbnail","hentry","category-noticias"],"_links":{"self":[{"href":"https:\/\/museopresidentes.org.mx\/noticias\/wp-json\/wp\/v2\/posts\/311","targetHints":{"allow":["GET"]}}],"collection":[{"href":"https:\/\/museopresidentes.org.mx\/noticias\/wp-json\/wp\/v2\/posts"}],"about":[{"href":"https:\/\/museopresidentes.org.mx\/noticias\/wp-json\/wp\/v2\/types\/post"}],"author":[{"embeddable":true,"href":"https:\/\/museopresidentes.org.mx\/noticias\/wp-json\/wp\/v2\/users\/1"}],"replies":[{"embeddable":true,"href":"https:\/\/museopresidentes.org.mx\/noticias\/wp-json\/wp\/v2\/comments?post=311"}],"version-history":[{"count":1,"href":"https:\/\/museopresidentes.org.mx\/noticias\/wp-json\/wp\/v2\/posts\/311\/revisions"}],"predecessor-version":[{"id":316,"href":"https:\/\/museopresidentes.org.mx\/noticias\/wp-json\/wp\/v2\/posts\/311\/revisions\/316"}],"wp:featuredmedia":[{"embeddable":true,"href":"https:\/\/museopresidentes.org.mx\/noticias\/wp-json\/wp\/v2\/media\/312"}],"wp:attachment":[{"href":"https:\/\/museopresidentes.org.mx\/noticias\/wp-json\/wp\/v2\/media?parent=311"}],"wp:term":[{"taxonomy":"category","embeddable":true,"href":"https:\/\/museopresidentes.org.mx\/noticias\/wp-json\/wp\/v2\/categories?post=311"},{"taxonomy":"post_tag","embeddable":true,"href":"https:\/\/museopresidentes.org.mx\/noticias\/wp-json\/wp\/v2\/tags?post=311"}],"curies":[{"name":"wp","href":"https:\/\/api.w.org\/{rel}","templated":true}]}}