{"id":321,"date":"2025-07-10T19:34:49","date_gmt":"2025-07-10T19:34:49","guid":{"rendered":"https:\/\/museopresidentes.org.mx\/noticias\/?p=321"},"modified":"2025-07-18T19:35:46","modified_gmt":"2025-07-18T19:35:46","slug":"rally-por-la-historia","status":"publish","type":"post","link":"https:\/\/museopresidentes.org.mx\/noticias\/noticias\/rally-por-la-historia\/","title":{"rendered":"Rally por la Historia"},"content":{"rendered":"\n<p>Como parte de la celebraci\u00f3n por su 15\u00ba aniversario, el Museo de los Presidentes Coahuilenses ha lanzado una actividad especial para toda la familia: el \u201cRally por la Historia\u201d. Esta din\u00e1mica propone una manera diferente y divertida de recorrer el museo, en la que cada visitante recibir\u00e1 una misi\u00f3n al comenzar su recorrido, incentivando la exploraci\u00f3n activa y el aprendizaje l\u00fadico sobre la historia de los presidentes coahuilenses.<\/p>\n\n\n\n<p>El rally estar\u00e1 disponible del 15 de julio al 15 de agosto, brindando una oportunidad \u00fanica para que grandes y chicos participen juntos en una experiencia enriquecedora. La actividad busca promover la participaci\u00f3n familiar en espacios culturales, despertando el inter\u00e9s por la historia de forma interactiva y entretenida. \u00a1Prep\u00e1rate para aceptar tu misi\u00f3n y redescubrir la historia como nunca antes!<\/p>\n\n\n\n<figure class=\"wp-block-image size-large\"><img loading=\"lazy\" decoding=\"async\" width=\"1024\" height=\"1024\" src=\"https:\/\/museopresidentes.org.mx\/noticias\/wp-content\/uploads\/2025\/07\/PHOTO-2025-07-08-14-28-57-1024x1024.jpg\" alt=\"\" class=\"wp-image-322\" srcset=\"https:\/\/museopresidentes.org.mx\/noticias\/wp-content\/uploads\/2025\/07\/PHOTO-2025-07-08-14-28-57-1024x1024.jpg 1024w, https:\/\/museopresidentes.org.mx\/noticias\/wp-content\/uploads\/2025\/07\/PHOTO-2025-07-08-14-28-57-300x300.jpg 300w, https:\/\/museopresidentes.org.mx\/noticias\/wp-content\/uploads\/2025\/07\/PHOTO-2025-07-08-14-28-57-150x150.jpg 150w, https:\/\/museopresidentes.org.mx\/noticias\/wp-content\/uploads\/2025\/07\/PHOTO-2025-07-08-14-28-57-768x768.jpg 768w, https:\/\/museopresidentes.org.mx\/noticias\/wp-content\/uploads\/2025\/07\/PHOTO-2025-07-08-14-28-57-1536x1536.jpg 1536w, https:\/\/museopresidentes.org.mx\/noticias\/wp-content\/uploads\/2025\/07\/PHOTO-2025-07-08-14-28-57.jpg 1600w\" sizes=\"auto, (max-width: 1024px) 100vw, 1024px\" \/><\/figure>\n","protected":false},"excerpt":{"rendered":"<p>Como parte de la celebraci\u00f3n por su 15\u00ba aniversario, el Museo de los Presidentes Coahuilenses ha lanzado una actividad especial para toda la familia: el \u201cRally por la Historia\u201d. Esta din\u00e1mica propone una manera diferente y divertida de recorrer el museo, en la que cada visitante recibir\u00e1 una misi\u00f3n al comenzar su recorrido, incentivando la [&hellip;]<\/p>\n","protected":false},"author":1,"featured_media":322,"comment_status":"closed","ping_status":"","sticky":false,"template":"","format":"standard","meta":{"footnotes":""},"categories":[5],"tags":[],"class_list":["post-321","post","type-post","status-publish","format-standard","has-post-thumbnail","hentry","category-noticias"],"_links":{"self":[{"href":"https:\/\/museopresidentes.org.mx\/noticias\/wp-json\/wp\/v2\/posts\/321","targetHints":{"allow":["GET"]}}],"collection":[{"href":"https:\/\/museopresidentes.org.mx\/noticias\/wp-json\/wp\/v2\/posts"}],"about":[{"href":"https:\/\/museopresidentes.org.mx\/noticias\/wp-json\/wp\/v2\/types\/post"}],"author":[{"embeddable":true,"href":"https:\/\/museopresidentes.org.mx\/noticias\/wp-json\/wp\/v2\/users\/1"}],"replies":[{"embeddable":true,"href":"https:\/\/museopresidentes.org.mx\/noticias\/wp-json\/wp\/v2\/comments?post=321"}],"version-history":[{"count":1,"href":"https:\/\/museopresidentes.org.mx\/noticias\/wp-json\/wp\/v2\/posts\/321\/revisions"}],"predecessor-version":[{"id":323,"href":"https:\/\/museopresidentes.org.mx\/noticias\/wp-json\/wp\/v2\/posts\/321\/revisions\/323"}],"wp:featuredmedia":[{"embeddable":true,"href":"https:\/\/museopresidentes.org.mx\/noticias\/wp-json\/wp\/v2\/media\/322"}],"wp:attachment":[{"href":"https:\/\/museopresidentes.org.mx\/noticias\/wp-json\/wp\/v2\/media?parent=321"}],"wp:term":[{"taxonomy":"category","embeddable":true,"href":"https:\/\/museopresidentes.org.mx\/noticias\/wp-json\/wp\/v2\/categories?post=321"},{"taxonomy":"post_tag","embeddable":true,"href":"https:\/\/museopresidentes.org.mx\/noticias\/wp-json\/wp\/v2\/tags?post=321"}],"curies":[{"name":"wp","href":"https:\/\/api.w.org\/{rel}","templated":true}]}}